{"id":2453,"date":"2026-09-01T12:41:52","date_gmt":"2026-09-01T10:41:52","guid":{"rendered":"https:\/\/ecole-saint-maur.be\/?p=2453"},"modified":"2026-09-01T13:04:44","modified_gmt":"2026-09-01T11:04:44","slug":"rentree-des-classes","status":"publish","type":"post","link":"https:\/\/ecole-saint-maur.be\/?p=2453","title":{"rendered":"Rentr\u00e9e des classes"},"content":{"rendered":"\n<p class=\"wp-block-paragraph\">La premi\u00e8re semaine de cette nouvelle ann\u00e9e scolaire s\u2019est d\u00e9j\u00e0 bien pass\u00e9e !<\/p>\n\n\n\n<p class=\"wp-block-paragraph\">Les enfants ont retrouv\u00e9 leurs camarades, d\u00e9couvert leur classe et pris leurs nouvelles habitudes avec beaucoup d\u2019enthousiasme. Les sourires et la bonne humeur \u00e9taient au rendez-vous !<\/p>\n\n\n\n<p class=\"wp-block-paragraph\">Nous sommes heureux de les voir si \u00e9panouis et motiv\u00e9s pour cette nouvelle ann\u00e9e qui commence. Une belle dynamique est d\u00e9j\u00e0 install\u00e9e\u2026 et ce n\u2019est que le d\u00e9but !<\/p>\n\n\n\n<p class=\"wp-block-paragraph\">Nous souhaitons \u00e0 tous nos \u00e9l\u00e8ves une magnifique ann\u00e9e scolaire, pleine de d\u00e9couvertes, de projets, de rires et de beaux moments partag\u00e9s !<\/p>\n\n\n\n<figure class=\"wp-block-gallery has-nested-images columns-default is-cropped wp-block-gallery-1 is-layout-flex wp-block-gallery-is-layout-flex\">\n<figure class=\"wp-block-image size-full\"><img loading=\"lazy\" decoding=\"async\" width=\"817\" height=\"471\" data-id=\"2454\" src=\"https:\/\/ecole-saint-maur.be\/wp-content\/uploads\/2026\/09\/Ac-M1-bis.png\" alt=\"\" class=\"wp-image-2454\" srcset=\"https:\/\/ecole-saint-maur.be\/wp-content\/uploads\/2026\/09\/Ac-M1-bis.png 817w, https:\/\/ecole-saint-maur.be\/wp-content\/uploads\/2026\/09\/Ac-M1-bis-300x173.png 300w, https:\/\/ecole-saint-maur.be\/wp-content\/uploads\/2026\/09\/Ac-M1-bis-767x442.png 767w\" sizes=\"auto, (max-width: 817px) 100vw, 817px\" \/><\/figure>\n\n\n\n<figure class=\"wp-block-image size-full\"><img loading=\"lazy\" decoding=\"async\" width=\"815\" height=\"490\" data-id=\"2455\" src=\"https:\/\/ecole-saint-maur.be\/wp-content\/uploads\/2026\/09\/M2-bis.png\" alt=\"\" class=\"wp-image-2455\" srcset=\"https:\/\/ecole-saint-maur.be\/wp-content\/uploads\/2026\/09\/M2-bis.png 815w, https:\/\/ecole-saint-maur.be\/wp-content\/uploads\/2026\/09\/M2-bis-300x180.png 300w, https:\/\/ecole-saint-maur.be\/wp-content\/uploads\/2026\/09\/M2-bis-767x461.png 767w\" sizes=\"auto, (max-width: 815px) 100vw, 815px\" \/><\/figure>\n\n\n\n<figure class=\"wp-block-image size-full\"><img loading=\"lazy\" decoding=\"async\" width=\"829\" height=\"542\" data-id=\"2456\" src=\"https:\/\/ecole-saint-maur.be\/wp-content\/uploads\/2026\/09\/M3-bis.png\" alt=\"\" class=\"wp-image-2456\" srcset=\"https:\/\/ecole-saint-maur.be\/wp-content\/uploads\/2026\/09\/M3-bis.png 829w, https:\/\/ecole-saint-maur.be\/wp-content\/uploads\/2026\/09\/M3-bis-300x196.png 300w, https:\/\/ecole-saint-maur.be\/wp-content\/uploads\/2026\/09\/M3-bis-768x502.png 768w\" sizes=\"auto, (max-width: 829px) 100vw, 829px\" \/><\/figure>\n\n\n\n<figure class=\"wp-block-image size-full\"><img loading=\"lazy\" decoding=\"async\" width=\"779\" height=\"491\" data-id=\"2467\" src=\"https:\/\/ecole-saint-maur.be\/wp-content\/uploads\/2026\/09\/P1a-bis-1.png\" alt=\"\" class=\"wp-image-2467\" srcset=\"https:\/\/ecole-saint-maur.be\/wp-content\/uploads\/2026\/09\/P1a-bis-1.png 779w, https:\/\/ecole-saint-maur.be\/wp-content\/uploads\/2026\/09\/P1a-bis-1-300x189.png 300w, https:\/\/ecole-saint-maur.be\/wp-content\/uploads\/2026\/09\/P1a-bis-1-768x484.png 768w\" sizes=\"auto, (max-width: 779px) 100vw, 779px\" \/><\/figure>\n\n\n\n<figure class=\"wp-block-image size-full\"><img loading=\"lazy\" decoding=\"async\" width=\"829\" height=\"540\" data-id=\"2458\" src=\"https:\/\/ecole-saint-maur.be\/wp-content\/uploads\/2026\/09\/P1b-Bis.png\" alt=\"\" class=\"wp-image-2458\" srcset=\"https:\/\/ecole-saint-maur.be\/wp-content\/uploads\/2026\/09\/P1b-Bis.png 829w, https:\/\/ecole-saint-maur.be\/wp-content\/uploads\/2026\/09\/P1b-Bis-300x195.png 300w, https:\/\/ecole-saint-maur.be\/wp-content\/uploads\/2026\/09\/P1b-Bis-768x500.png 768w\" sizes=\"auto, (max-width: 829px) 100vw, 829px\" \/><\/figure>\n\n\n\n<figure class=\"wp-block-image size-full\"><img loading=\"lazy\" decoding=\"async\" width=\"827\" height=\"530\" data-id=\"2460\" src=\"https:\/\/ecole-saint-maur.be\/wp-content\/uploads\/2026\/09\/P2-bis.png\" alt=\"\" class=\"wp-image-2460\" srcset=\"https:\/\/ecole-saint-maur.be\/wp-content\/uploads\/2026\/09\/P2-bis.png 827w, https:\/\/ecole-saint-maur.be\/wp-content\/uploads\/2026\/09\/P2-bis-300x192.png 300w, https:\/\/ecole-saint-maur.be\/wp-content\/uploads\/2026\/09\/P2-bis-768x492.png 768w\" sizes=\"auto, (max-width: 827px) 100vw, 827px\" \/><\/figure>\n\n\n\n<figure class=\"wp-block-image size-full\"><img loading=\"lazy\" decoding=\"async\" width=\"767\" height=\"448\" data-id=\"2459\" src=\"https:\/\/ecole-saint-maur.be\/wp-content\/uploads\/2026\/09\/P3-bis.png\" alt=\"\" class=\"wp-image-2459\" srcset=\"https:\/\/ecole-saint-maur.be\/wp-content\/uploads\/2026\/09\/P3-bis.png 767w, https:\/\/ecole-saint-maur.be\/wp-content\/uploads\/2026\/09\/P3-bis-300x175.png 300w\" sizes=\"auto, (max-width: 767px) 100vw, 767px\" \/><\/figure>\n\n\n\n<figure class=\"wp-block-image size-full\"><img loading=\"lazy\" decoding=\"async\" width=\"783\" height=\"445\" data-id=\"2463\" src=\"https:\/\/ecole-saint-maur.be\/wp-content\/uploads\/2026\/09\/P4-bis.png\" alt=\"\" class=\"wp-image-2463\" srcset=\"https:\/\/ecole-saint-maur.be\/wp-content\/uploads\/2026\/09\/P4-bis.png 783w, https:\/\/ecole-saint-maur.be\/wp-content\/uploads\/2026\/09\/P4-bis-300x170.png 300w, https:\/\/ecole-saint-maur.be\/wp-content\/uploads\/2026\/09\/P4-bis-767x436.png 767w\" sizes=\"auto, (max-width: 783px) 100vw, 783px\" \/><\/figure>\n\n\n\n<figure class=\"wp-block-image size-full\"><img loading=\"lazy\" decoding=\"async\" width=\"784\" height=\"470\" data-id=\"2461\" src=\"https:\/\/ecole-saint-maur.be\/wp-content\/uploads\/2026\/09\/P5-bis.png\" alt=\"\" class=\"wp-image-2461\" srcset=\"https:\/\/ecole-saint-maur.be\/wp-content\/uploads\/2026\/09\/P5-bis.png 784w, https:\/\/ecole-saint-maur.be\/wp-content\/uploads\/2026\/09\/P5-bis-300x180.png 300w, https:\/\/ecole-saint-maur.be\/wp-content\/uploads\/2026\/09\/P5-bis-767x460.png 767w\" sizes=\"auto, (max-width: 784px) 100vw, 784px\" \/><\/figure>\n\n\n\n<figure class=\"wp-block-image size-full\"><img loading=\"lazy\" decoding=\"async\" width=\"792\" height=\"425\" data-id=\"2462\" src=\"https:\/\/ecole-saint-maur.be\/wp-content\/uploads\/2026\/09\/P6-bis.png\" alt=\"\" class=\"wp-image-2462\" srcset=\"https:\/\/ecole-saint-maur.be\/wp-content\/uploads\/2026\/09\/P6-bis.png 792w, https:\/\/ecole-saint-maur.be\/wp-content\/uploads\/2026\/09\/P6-bis-300x161.png 300w, https:\/\/ecole-saint-maur.be\/wp-content\/uploads\/2026\/09\/P6-bis-768x412.png 768w\" sizes=\"auto, (max-width: 792px) 100vw, 792px\" \/><\/figure>\n<\/figure>\n","protected":false},"excerpt":{"rendered":"<p>La premi\u00e8re semaine de cette nouvelle ann\u00e9e scolaire s\u2019est d\u00e9j\u00e0 bien pass\u00e9e ! Les enfants ont retrouv\u00e9 leurs camarades, d\u00e9couvert &hellip; <\/p>\n","protected":false},"author":1,"featured_media":2469,"comment_status":"open","ping_status":"open","sticky":false,"template":"","format":"standard","meta":{"footnotes":""},"categories":[1],"tags":[],"class_list":["post-2453","post","type-post","status-publish","format-standard","has-post-thumbnail","hentry","category-non-classe"],"yoast_head":"<!-- This site is optimized with the Yoast SEO plugin v28.4 - https:\/\/yoast.com\/product\/yoast-seo-wordpress\/ -->\n<title>Rentr\u00e9e des classes - Ecole Saint-Maur<\/title>\n<meta name=\"robots\" content=\"index, follow, max-snippet:-1, max-image-preview:large, max-video-preview:-1\" \/>\n<link rel=\"canonical\" href=\"https:\/\/ecole-saint-maur.be\/?p=2453\" \/>\n<meta property=\"og:locale\" content=\"fr_FR\" \/>\n<meta property=\"og:type\" content=\"article\" \/>\n<meta property=\"og:title\" content=\"Rentr\u00e9e des classes - Ecole Saint-Maur\" \/>\n<meta property=\"og:description\" content=\"La premi\u00e8re semaine de cette nouvelle ann\u00e9e scolaire s\u2019est d\u00e9j\u00e0 bien pass\u00e9e ! Les enfants ont retrouv\u00e9 leurs camarades, d\u00e9couvert &hellip;\" \/>\n<meta property=\"og:url\" content=\"https:\/\/ecole-saint-maur.be\/?p=2453\" \/>\n<meta property=\"og:site_name\" content=\"Ecole Saint-Maur\" \/>\n<meta property=\"article:publisher\" content=\"https:\/\/www.facebook.com\/cole-Saint-Maur-100240656194366\" \/>\n<meta property=\"article:published_time\" content=\"2026-09-01T10:41:52+00:00\" \/>\n<meta property=\"article:modified_time\" content=\"2026-09-01T11:04:44+00:00\" \/>\n<meta property=\"og:image\" content=\"http:\/\/ecole-saint-maur.be\/wp-content\/uploads\/2026\/09\/photos-de-classe.png\" \/>\n\t<meta property=\"og:image:width\" content=\"933\" \/>\n\t<meta property=\"og:image:height\" content=\"659\" \/>\n\t<meta property=\"og:image:type\" content=\"image\/png\" \/>\n<meta name=\"author\" content=\"admin3830\" \/>\n<meta name=\"twitter:card\" content=\"summary_large_image\" \/>\n<meta name=\"twitter:label1\" content=\"\u00c9crit par\" \/>\n\t<meta name=\"twitter:data1\" content=\"admin3830\" \/>\n\t<meta name=\"twitter:label2\" content=\"Dur\u00e9e de lecture estim\u00e9e\" \/>\n\t<meta name=\"twitter:data2\" content=\"3 minutes\" \/>\n<script type=\"application\/ld+json\" class=\"yoast-schema-graph\">{\"@context\":\"https:\\\/\\\/schema.org\",\"@graph\":[{\"@type\":\"Article\",\"@id\":\"https:\\\/\\\/ecole-saint-maur.be\\\/?p=2453#article\",\"isPartOf\":{\"@id\":\"https:\\\/\\\/ecole-saint-maur.be\\\/?p=2453\"},\"author\":{\"name\":\"admin3830\",\"@id\":\"http:\\\/\\\/ecole-saint-maur.be\\\/#\\\/schema\\\/person\\\/50e1ae8fc915feb4d7e1aecc53c0ff31\"},\"headline\":\"Rentr\u00e9e des classes\",\"datePublished\":\"2026-09-01T10:41:52+00:00\",\"dateModified\":\"2026-09-01T11:04:44+00:00\",\"mainEntityOfPage\":{\"@id\":\"https:\\\/\\\/ecole-saint-maur.be\\\/?p=2453\"},\"wordCount\":108,\"commentCount\":0,\"publisher\":{\"@id\":\"http:\\\/\\\/ecole-saint-maur.be\\\/#organization\"},\"image\":{\"@id\":\"https:\\\/\\\/ecole-saint-maur.be\\\/?p=2453#primaryimage\"},\"thumbnailUrl\":\"https:\\\/\\\/ecole-saint-maur.be\\\/wp-content\\\/uploads\\\/2026\\\/09\\\/photos-de-classe.png\",\"inLanguage\":\"fr-FR\",\"potentialAction\":[{\"@type\":\"CommentAction\",\"name\":\"Comment\",\"target\":[\"https:\\\/\\\/ecole-saint-maur.be\\\/?p=2453#respond\"]}]},{\"@type\":\"WebPage\",\"@id\":\"https:\\\/\\\/ecole-saint-maur.be\\\/?p=2453\",\"url\":\"https:\\\/\\\/ecole-saint-maur.be\\\/?p=2453\",\"name\":\"Rentr\u00e9e des classes - Ecole Saint-Maur\",\"isPartOf\":{\"@id\":\"http:\\\/\\\/ecole-saint-maur.be\\\/#website\"},\"primaryImageOfPage\":{\"@id\":\"https:\\\/\\\/ecole-saint-maur.be\\\/?p=2453#primaryimage\"},\"image\":{\"@id\":\"https:\\\/\\\/ecole-saint-maur.be\\\/?p=2453#primaryimage\"},\"thumbnailUrl\":\"https:\\\/\\\/ecole-saint-maur.be\\\/wp-content\\\/uploads\\\/2026\\\/09\\\/photos-de-classe.png\",\"datePublished\":\"2026-09-01T10:41:52+00:00\",\"dateModified\":\"2026-09-01T11:04:44+00:00\",\"breadcrumb\":{\"@id\":\"https:\\\/\\\/ecole-saint-maur.be\\\/?p=2453#breadcrumb\"},\"inLanguage\":\"fr-FR\",\"potentialAction\":[{\"@type\":\"ReadAction\",\"target\":[\"https:\\\/\\\/ecole-saint-maur.be\\\/?p=2453\"]}]},{\"@type\":\"ImageObject\",\"inLanguage\":\"fr-FR\",\"@id\":\"https:\\\/\\\/ecole-saint-maur.be\\\/?p=2453#primaryimage\",\"url\":\"https:\\\/\\\/ecole-saint-maur.be\\\/wp-content\\\/uploads\\\/2026\\\/09\\\/photos-de-classe.png\",\"contentUrl\":\"https:\\\/\\\/ecole-saint-maur.be\\\/wp-content\\\/uploads\\\/2026\\\/09\\\/photos-de-classe.png\",\"width\":933,\"height\":659},{\"@type\":\"BreadcrumbList\",\"@id\":\"https:\\\/\\\/ecole-saint-maur.be\\\/?p=2453#breadcrumb\",\"itemListElement\":[{\"@type\":\"ListItem\",\"position\":1,\"name\":\"Accueil\",\"item\":\"http:\\\/\\\/ecole-saint-maur.be\\\/\"},{\"@type\":\"ListItem\",\"position\":2,\"name\":\"Rentr\u00e9e des classes\"}]},{\"@type\":\"WebSite\",\"@id\":\"http:\\\/\\\/ecole-saint-maur.be\\\/#website\",\"url\":\"http:\\\/\\\/ecole-saint-maur.be\\\/\",\"name\":\"Ecole Saint-Maur\",\"description\":\"Une \u00e9cole en or !\",\"publisher\":{\"@id\":\"http:\\\/\\\/ecole-saint-maur.be\\\/#organization\"},\"potentialAction\":[{\"@type\":\"SearchAction\",\"target\":{\"@type\":\"EntryPoint\",\"urlTemplate\":\"http:\\\/\\\/ecole-saint-maur.be\\\/?s={search_term_string}\"},\"query-input\":{\"@type\":\"PropertyValueSpecification\",\"valueRequired\":true,\"valueName\":\"search_term_string\"}}],\"inLanguage\":\"fr-FR\"},{\"@type\":\"Organization\",\"@id\":\"http:\\\/\\\/ecole-saint-maur.be\\\/#organization\",\"name\":\"Ecole Saint-Maur\",\"url\":\"http:\\\/\\\/ecole-saint-maur.be\\\/\",\"logo\":{\"@type\":\"ImageObject\",\"inLanguage\":\"fr-FR\",\"@id\":\"http:\\\/\\\/ecole-saint-maur.be\\\/#\\\/schema\\\/logo\\\/image\\\/\",\"url\":\"https:\\\/\\\/ecole-saint-maur.be\\\/wp-content\\\/uploads\\\/2022\\\/09\\\/logo-saint-maur.png\",\"contentUrl\":\"https:\\\/\\\/ecole-saint-maur.be\\\/wp-content\\\/uploads\\\/2022\\\/09\\\/logo-saint-maur.png\",\"width\":2281,\"height\":2312,\"caption\":\"Ecole Saint-Maur\"},\"image\":{\"@id\":\"http:\\\/\\\/ecole-saint-maur.be\\\/#\\\/schema\\\/logo\\\/image\\\/\"},\"sameAs\":[\"https:\\\/\\\/www.facebook.com\\\/cole-Saint-Maur-100240656194366\"]},{\"@type\":\"Person\",\"@id\":\"http:\\\/\\\/ecole-saint-maur.be\\\/#\\\/schema\\\/person\\\/50e1ae8fc915feb4d7e1aecc53c0ff31\",\"name\":\"admin3830\",\"image\":{\"@type\":\"ImageObject\",\"inLanguage\":\"fr-FR\",\"@id\":\"https:\\\/\\\/secure.gravatar.com\\\/avatar\\\/2c8e0fadecbceb6612f50b28ae842938bc5fa0b2e978f141abb75c6487b2364d?s=96&d=mm&r=g\",\"url\":\"https:\\\/\\\/secure.gravatar.com\\\/avatar\\\/2c8e0fadecbceb6612f50b28ae842938bc5fa0b2e978f141abb75c6487b2364d?s=96&d=mm&r=g\",\"contentUrl\":\"https:\\\/\\\/secure.gravatar.com\\\/avatar\\\/2c8e0fadecbceb6612f50b28ae842938bc5fa0b2e978f141abb75c6487b2364d?s=96&d=mm&r=g\",\"caption\":\"admin3830\"},\"sameAs\":[\"http:\\\/\\\/ecole-saint-maur.be\"],\"url\":\"https:\\\/\\\/ecole-saint-maur.be\\\/?author=1\"}]}<\/script>\n<!-- \/ Yoast SEO plugin. -->","yoast_head_json":{"title":"Rentr\u00e9e des classes - Ecole Saint-Maur","robots":{"index":"index","follow":"follow","max-snippet":"max-snippet:-1","max-image-preview":"max-image-preview:large","max-video-preview":"max-video-preview:-1"},"canonical":"https:\/\/ecole-saint-maur.be\/?p=2453","og_locale":"fr_FR","og_type":"article","og_title":"Rentr\u00e9e des classes - Ecole Saint-Maur","og_description":"La premi\u00e8re semaine de cette nouvelle ann\u00e9e scolaire s\u2019est d\u00e9j\u00e0 bien pass\u00e9e ! Les enfants ont retrouv\u00e9 leurs camarades, d\u00e9couvert &hellip;","og_url":"https:\/\/ecole-saint-maur.be\/?p=2453","og_site_name":"Ecole Saint-Maur","article_publisher":"https:\/\/www.facebook.com\/cole-Saint-Maur-100240656194366","article_published_time":"2026-09-01T10:41:52+00:00","article_modified_time":"2026-09-01T11:04:44+00:00","og_image":[{"width":933,"height":659,"url":"http:\/\/ecole-saint-maur.be\/wp-content\/uploads\/2026\/09\/photos-de-classe.png","type":"image\/png"}],"author":"admin3830","twitter_card":"summary_large_image","twitter_misc":{"\u00c9crit par":"admin3830","Dur\u00e9e de lecture estim\u00e9e":"3 minutes"},"schema":{"@context":"https:\/\/schema.org","@graph":[{"@type":"Article","@id":"https:\/\/ecole-saint-maur.be\/?p=2453#article","isPartOf":{"@id":"https:\/\/ecole-saint-maur.be\/?p=2453"},"author":{"name":"admin3830","@id":"http:\/\/ecole-saint-maur.be\/#\/schema\/person\/50e1ae8fc915feb4d7e1aecc53c0ff31"},"headline":"Rentr\u00e9e des classes","datePublished":"2026-09-01T10:41:52+00:00","dateModified":"2026-09-01T11:04:44+00:00","mainEntityOfPage":{"@id":"https:\/\/ecole-saint-maur.be\/?p=2453"},"wordCount":108,"commentCount":0,"publisher":{"@id":"http:\/\/ecole-saint-maur.be\/#organization"},"image":{"@id":"https:\/\/ecole-saint-maur.be\/?p=2453#primaryimage"},"thumbnailUrl":"https:\/\/ecole-saint-maur.be\/wp-content\/uploads\/2026\/09\/photos-de-classe.png","inLanguage":"fr-FR","potentialAction":[{"@type":"CommentAction","name":"Comment","target":["https:\/\/ecole-saint-maur.be\/?p=2453#respond"]}]},{"@type":"WebPage","@id":"https:\/\/ecole-saint-maur.be\/?p=2453","url":"https:\/\/ecole-saint-maur.be\/?p=2453","name":"Rentr\u00e9e des classes - Ecole Saint-Maur","isPartOf":{"@id":"http:\/\/ecole-saint-maur.be\/#website"},"primaryImageOfPage":{"@id":"https:\/\/ecole-saint-maur.be\/?p=2453#primaryimage"},"image":{"@id":"https:\/\/ecole-saint-maur.be\/?p=2453#primaryimage"},"thumbnailUrl":"https:\/\/ecole-saint-maur.be\/wp-content\/uploads\/2026\/09\/photos-de-classe.png","datePublished":"2026-09-01T10:41:52+00:00","dateModified":"2026-09-01T11:04:44+00:00","breadcrumb":{"@id":"https:\/\/ecole-saint-maur.be\/?p=2453#breadcrumb"},"inLanguage":"fr-FR","potentialAction":[{"@type":"ReadAction","target":["https:\/\/ecole-saint-maur.be\/?p=2453"]}]},{"@type":"ImageObject","inLanguage":"fr-FR","@id":"https:\/\/ecole-saint-maur.be\/?p=2453#primaryimage","url":"https:\/\/ecole-saint-maur.be\/wp-content\/uploads\/2026\/09\/photos-de-classe.png","contentUrl":"https:\/\/ecole-saint-maur.be\/wp-content\/uploads\/2026\/09\/photos-de-classe.png","width":933,"height":659},{"@type":"BreadcrumbList","@id":"https:\/\/ecole-saint-maur.be\/?p=2453#breadcrumb","itemListElement":[{"@type":"ListItem","position":1,"name":"Accueil","item":"http:\/\/ecole-saint-maur.be\/"},{"@type":"ListItem","position":2,"name":"Rentr\u00e9e des classes"}]},{"@type":"WebSite","@id":"http:\/\/ecole-saint-maur.be\/#website","url":"http:\/\/ecole-saint-maur.be\/","name":"Ecole Saint-Maur","description":"Une \u00e9cole en or !","publisher":{"@id":"http:\/\/ecole-saint-maur.be\/#organization"},"potentialAction":[{"@type":"SearchAction","target":{"@type":"EntryPoint","urlTemplate":"http:\/\/ecole-saint-maur.be\/?s={search_term_string}"},"query-input":{"@type":"PropertyValueSpecification","valueRequired":true,"valueName":"search_term_string"}}],"inLanguage":"fr-FR"},{"@type":"Organization","@id":"http:\/\/ecole-saint-maur.be\/#organization","name":"Ecole Saint-Maur","url":"http:\/\/ecole-saint-maur.be\/","logo":{"@type":"ImageObject","inLanguage":"fr-FR","@id":"http:\/\/ecole-saint-maur.be\/#\/schema\/logo\/image\/","url":"https:\/\/ecole-saint-maur.be\/wp-content\/uploads\/2022\/09\/logo-saint-maur.png","contentUrl":"https:\/\/ecole-saint-maur.be\/wp-content\/uploads\/2022\/09\/logo-saint-maur.png","width":2281,"height":2312,"caption":"Ecole Saint-Maur"},"image":{"@id":"http:\/\/ecole-saint-maur.be\/#\/schema\/logo\/image\/"},"sameAs":["https:\/\/www.facebook.com\/cole-Saint-Maur-100240656194366"]},{"@type":"Person","@id":"http:\/\/ecole-saint-maur.be\/#\/schema\/person\/50e1ae8fc915feb4d7e1aecc53c0ff31","name":"admin3830","image":{"@type":"ImageObject","inLanguage":"fr-FR","@id":"https:\/\/secure.gravatar.com\/avatar\/2c8e0fadecbceb6612f50b28ae842938bc5fa0b2e978f141abb75c6487b2364d?s=96&d=mm&r=g","url":"https:\/\/secure.gravatar.com\/avatar\/2c8e0fadecbceb6612f50b28ae842938bc5fa0b2e978f141abb75c6487b2364d?s=96&d=mm&r=g","contentUrl":"https:\/\/secure.gravatar.com\/avatar\/2c8e0fadecbceb6612f50b28ae842938bc5fa0b2e978f141abb75c6487b2364d?s=96&d=mm&r=g","caption":"admin3830"},"sameAs":["http:\/\/ecole-saint-maur.be"],"url":"https:\/\/ecole-saint-maur.be\/?author=1"}]}},"jetpack_featured_media_url":"https:\/\/ecole-saint-maur.be\/wp-content\/uploads\/2026\/09\/photos-de-classe.png","_links":{"self":[{"href":"https:\/\/ecole-saint-maur.be\/index.php?rest_route=\/wp\/v2\/posts\/2453","targetHints":{"allow":["GET"]}}],"collection":[{"href":"https:\/\/ecole-saint-maur.be\/index.php?rest_route=\/wp\/v2\/posts"}],"about":[{"href":"https:\/\/ecole-saint-maur.be\/index.php?rest_route=\/wp\/v2\/types\/post"}],"author":[{"embeddable":true,"href":"https:\/\/ecole-saint-maur.be\/index.php?rest_route=\/wp\/v2\/users\/1"}],"replies":[{"embeddable":true,"href":"https:\/\/ecole-saint-maur.be\/index.php?rest_route=%2Fwp%2Fv2%2Fcomments&post=2453"}],"version-history":[{"count":2,"href":"https:\/\/ecole-saint-maur.be\/index.php?rest_route=\/wp\/v2\/posts\/2453\/revisions"}],"predecessor-version":[{"id":2468,"href":"https:\/\/ecole-saint-maur.be\/index.php?rest_route=\/wp\/v2\/posts\/2453\/revisions\/2468"}],"wp:featuredmedia":[{"embeddable":true,"href":"https:\/\/ecole-saint-maur.be\/index.php?rest_route=\/wp\/v2\/media\/2469"}],"wp:attachment":[{"href":"https:\/\/ecole-saint-maur.be\/index.php?rest_route=%2Fwp%2Fv2%2Fmedia&parent=2453"}],"wp:term":[{"taxonomy":"category","embeddable":true,"href":"https:\/\/ecole-saint-maur.be\/index.php?rest_route=%2Fwp%2Fv2%2Fcategories&post=2453"},{"taxonomy":"post_tag","embeddable":true,"href":"https:\/\/ecole-saint-maur.be\/index.php?rest_route=%2Fwp%2Fv2%2Ftags&post=2453"}],"curies":[{"name":"wp","href":"https:\/\/api.w.org\/{rel}","templated":true}]}}